{"id":102,"date":"2020-04-15T00:01:00","date_gmt":"2020-04-15T00:01:00","guid":{"rendered":"https:\/\/uniplenaeducacional.com.br\/blog\/?p=102"},"modified":"2020-03-19T18:47:22","modified_gmt":"2020-03-19T18:47:22","slug":"a-flexibilidade-de-horarios-na-carreira-de-professor","status":"publish","type":"post","link":"https:\/\/uniplenaeducacional.com.br\/blog\/a-flexibilidade-de-horarios-na-carreira-de-professor\/","title":{"rendered":"A flexibilidade de hor\u00e1rios na carreira de professor"},"content":{"rendered":"\n<p>Voc\u00ea j\u00e1 pensou em seguir uma profiss\u00e3o onde pode ter diferentes op\u00e7\u00f5es de hor\u00e1rio de trabalho?<\/p>\n\n\n\n<p>&nbsp;A carreira de professor \u00e9 uma excelente alternativa que poder\u00e1 te proporcionar flexibilidade de hor\u00e1rios diferentemente da maioria das profiss\u00f5es, permitindo que voc\u00ea fa\u00e7a seus hor\u00e1rios, ganhe bastante tempo livre, agregando qualidade de vida \u00e0 sua rotina, al\u00e9m de possibilitar que voc\u00ea invista mais tempo para realizar outras tarefas, como a pr\u00e1tica de algum um <em>hobbie<\/em>, cuidar dos filhos, estudar, ou at\u00e9 mesmo com outra profiss\u00e3o.<\/p>\n\n\n\n<p>Leia este texto e descubra o qu\u00e3o interessante \u00e9 a carreira de professor para quem deseja uma alternativa \u00e0s profiss\u00f5es que possuem hor\u00e1rios r\u00edgidos, inflex\u00edveis e at\u00e9 mesmo mon\u00f3tonos.<br><\/p>\n\n\n\n<p><strong>&nbsp;# Professor especialista<\/strong><br><\/p>\n\n\n\n<p>Para iniciar vamos falar das carreiras de professor especialista, que \u00e9 aquele profissional especializado em uma \u00e1rea e que \u00e9 habilitado a lecionar uma mat\u00e9ria espec\u00edfica tanto no Ensino Fundamental II como no Ensino M\u00e9dio.<\/p>\n\n\n\n<p>Estes professores t\u00eam a possibilidade de escolher um m\u00ednimo de horas\/aulas por semana, diversificando os hor\u00e1rios e os dias, dependendo da grade de turmas de cada escola. Quanto mais turmas a escola possuir, mais este profissional pode distribuir suas aulas.<\/p>\n\n\n\n<p>Alguns professores especialistas optam em lecionar dividindo suas aulas por um per\u00edodo da manh\u00e3, e depois por outro per\u00edodo \u00e0 tarde. Outros preferem somente um dos dois hor\u00e1rios, podendo inclusive acumular outro cargo como professor, ou exercendo at\u00e9 mesmo outra profiss\u00e3o. Por exemplo, um professor de Educa\u00e7\u00e3o F\u00edsica pode lecionar pela manh\u00e3 e ser <em>personal trainer<\/em> \u00e0 tarde.<\/p>\n\n\n\n<p>H\u00e1 ainda a possibilidade dos professores especialistas trabalharem pela manh\u00e3 e tarde de maneira que cumpram o seu m\u00ednimo de aulas por semana, e assim conseguem ficar com um dia livre, e nesse caso a maioria opta pela sexta feira!<\/p>\n\n\n\n<p>Alguns professores al\u00e9m de lecionar, possuem cargos administrativos, como de Diretor ou Coordenador, dessa forma h\u00e1 a op\u00e7\u00e3o de lecionar somente pela manh\u00e3, somente pela noite, ou dividir entre os per\u00edodos a quantidade de aulas em que est\u00e1 atribu\u00eddo, bem como pode dividir a jornada de seu cargo administrativo.<\/p>\n\n\n\n<p>Essa \u00e9 uma excelente op\u00e7\u00e3o para quem j\u00e1 possui o grau de bacharel ou tecn\u00f3logo, necessitando somente de uma forma\u00e7\u00e3o pedag\u00f3gica para obter a licenciatura na sua \u00e1rea.<br><\/p>\n\n\n\n<p><strong># Professor generalista<\/strong><\/p>\n\n\n\n<p>Agora vamos falar das op\u00e7\u00f5es de hor\u00e1rios do professor generalista ou polivalente, a saber, s\u00e3o aqueles profissionais que lecionam todas as mat\u00e9rias e atuam na Educa\u00e7\u00e3o Infantil, nos primeiros anos do Ensino Fundamental e na Educa\u00e7\u00e3o de Jovens e Adultos.<\/p>\n\n\n\n<p>A jornada de trabalho desses profissionais \u00e9 menos flex\u00edvel comparada ao professor especialista, sendo a maioria de 30 aulas\/horas semanais, com a op\u00e7\u00e3o entre manh\u00e3 ou tarde, pois s\u00e3o respons\u00e1veis pelas aulas de uma turma, em algumas redes educacionais s\u00e3o respons\u00e1veis inclusive pelas aulas de Artes e Educa\u00e7\u00e3o F\u00edsica.<\/p>\n\n\n\n<p>Algumas escolas possuem a demanda de jornada no per\u00edodo noturno, na Alfabetiza\u00e7\u00e3o de Jovens e Adultos, ou em algum projeto que exija a forma\u00e7\u00e3o na \u00e1rea da Pedagogia.<\/p>\n\n\n\n<p>Nas escolas de Educa\u00e7\u00e3o Infantil existem op\u00e7\u00f5es de jornada al\u00e9m do hor\u00e1rio matutino e vespertino, tendo o hor\u00e1rio intermedi\u00e1rio, que \u00e9 bastante flex\u00edvel, tomando parte da manh\u00e3 e parte da tarde, sendo a op\u00e7\u00e3o mais desejada pelos profissionais com filhos, uma vez que permite lev\u00e1-los e busc\u00e1-los na escola com mais tranquilidade.<\/p>\n\n\n\n<p>O professor polivalente necessita da gradua\u00e7\u00e3o em Pedagogia, onde o curso tem a dura\u00e7\u00e3o m\u00e9dia de quatro anos, mas pode ser conclu\u00edda em poucos meses para quem j\u00e1 possui uma licenciatura.<br><\/p>\n\n\n\n<p><strong># Possibilidade de mudan\u00e7as de jornada<\/strong><\/p>\n\n\n\n<p>Al\u00e9m das facilidades em organizar uma jornadas de trabalho flex\u00edvel, tanto como professor especialista como generalista, h\u00e1 ainda a op\u00e7\u00e3o de realizar mudan\u00e7as a cada ano. \u00c9 poss\u00edvel tanto mudar de local de trabalho, participando do processo de transfer\u00eancias entre escolas, como tamb\u00e9m \u00e9 poss\u00edvel modificar os hor\u00e1rios de trabalho.<\/p>\n\n\n\n<p>Todos os anos os professores podem se inscrever no Processo de Remo\u00e7\u00e3o, onde podem solicitar a transfer\u00eancia de local de trabalho, indicando no sistema da rede educacional onde atua as escolas as quais desejam trabalhar, e havendo vagas a transfer\u00eancia \u00e9 realizada. Dessa forma, se num determinado ano o profissional tem necessidade de trabalhar \u00e0 tarde, mas no outro ano deseja trabalhar de manh\u00e3 \u00e9 poss\u00edvel realizar essa mudan\u00e7a.<\/p>\n\n\n\n<p>Al\u00e9m disso, tanto o professor especialista como o generalista pode optar em aumentar ou diminuir a jornada semanal de trabalho. No caso do professor generalista pode escolher o m\u00ednimo de aulas por semana em um ano que precise de mais tempo para trabalhar e estudar, por exemplo, e no ano seguinte retomar sua jornada com mais aulas por semana.<\/p>\n\n\n\n<p>No caso do professor generalista pode optar em ter horas a mais de forma\u00e7\u00e3o profissional na escola, aumentando sua jornada e seu sal\u00e1rio, bem como pode optar por uma jornada menor caso haja necessidade de mais tempo livre, por exemplo, para cuidar dos filhos, para estudar, ou at\u00e9 mesmo conciliar o tempo com outra profiss\u00e3o.<\/p>\n\n\n\n<p>&nbsp;E estes foram os pontos principais para conhecer a flexibilidade de hor\u00e1rios da jornada de trabalho na carreira do professor!<\/p>\n\n\n\n<p>Com vantagens tanto na carreira do professor especialista, como do generalista, e tamb\u00e9m as possibilidades de mudan\u00e7as nos locais e nos hor\u00e1rios a cada ano, tendo como base principalmente as jornadas de trabalho das redes de ensino municipal e estadual de S\u00e3o Paulo.<\/p>\n\n\n\n<p>Se conhecer a flexibilidade dos hor\u00e1rios da carreira de professor \u00e9 o que estava faltando para voc\u00ea ingressar nessa profiss\u00e3o, agora j\u00e1 pode realizar a matr\u00edcula em um curso de Pedagogia!<br><\/p>\n\n\n<p><br>\n<br>\n<!--StartFragment--><\/p>\n\n\n<div class=\"wp-block-media-text alignwide\" style=\"grid-template-columns:17% auto\"><figure class=\"wp-block-media-text__media\"><img loading=\"lazy\" decoding=\"async\" width=\"792\" height=\"1024\" src=\"https:\/\/uniplenaeducacional.com.br\/blog\/wp-content\/uploads\/2020\/03\/IngridDehnRodrigues-3-792x1024.jpeg\" alt=\"\" class=\"wp-image-67\" srcset=\"https:\/\/uniplenaeducacional.com.br\/blog\/wp-content\/uploads\/2020\/03\/IngridDehnRodrigues-3-792x1024.jpeg 792w, https:\/\/uniplenaeducacional.com.br\/blog\/wp-content\/uploads\/2020\/03\/IngridDehnRodrigues-3-232x300.jpeg 232w, https:\/\/uniplenaeducacional.com.br\/blog\/wp-content\/uploads\/2020\/03\/IngridDehnRodrigues-3-768x993.jpeg 768w, https:\/\/uniplenaeducacional.com.br\/blog\/wp-content\/uploads\/2020\/03\/IngridDehnRodrigues-3.jpeg 869w\" sizes=\"(max-width: 792px) 100vw, 792px\" \/><\/figure><div class=\"wp-block-media-text__content\">\n<p class=\"has-small-font-size\"><strong>Prof. Ingrid Dehn<\/strong> &#8211; Graduada em Pedagogia (FEUSP) e P\u00f3s-Graduada em Educa\u00e7\u00e3o Infantil (UNINOVE). Trabalha na \u00e1rea da educa\u00e7\u00e3o h\u00e1 11 anos. Atualmente \u00e9 professora de Educa\u00e7\u00e3o Infantil e Ensino Fundamental I na prefeitura de S\u00e3o Paulo. <\/p>\n<\/div><\/div>\n\n\n\n<hr class=\"wp-block-separator\"\/>\n\n\n<p><!--EndFragment--><br>\n<br>\n<\/p>\n\n\n<p><\/p>\n","protected":false},"excerpt":{"rendered":"<p>Voc\u00ea j\u00e1 pensou em seguir uma profiss\u00e3o onde pode ter diferentes op\u00e7\u00f5es de hor\u00e1rio de trabalho? &nbsp;A carreira de professor \u00e9 uma excelente alternativa que poder\u00e1 te proporcionar flexibilidade de hor\u00e1rios diferentemente da maioria das&hellip;<\/p>\n<p><a class=\"readmore\" href=\"https:\/\/uniplenaeducacional.com.br\/blog\/a-flexibilidade-de-horarios-na-carreira-de-professor\/\">Read More<\/a><\/p>\n","protected":false},"author":2,"featured_media":0,"comment_status":"open","ping_status":"open","sticky":false,"template":"","format":"standard","meta":{"footnotes":""},"categories":[1],"tags":[],"class_list":["post-102","post","type-post","status-publish","format-standard","hentry","category-educacao-basica"],"_links":{"self":[{"href":"https:\/\/uniplenaeducacional.com.br\/blog\/wp-json\/wp\/v2\/posts\/102"}],"collection":[{"href":"https:\/\/uniplenaeducacional.com.br\/blog\/wp-json\/wp\/v2\/posts"}],"about":[{"href":"https:\/\/uniplenaeducacional.com.br\/blog\/wp-json\/wp\/v2\/types\/post"}],"author":[{"embeddable":true,"href":"https:\/\/uniplenaeducacional.com.br\/blog\/wp-json\/wp\/v2\/users\/2"}],"replies":[{"embeddable":true,"href":"https:\/\/uniplenaeducacional.com.br\/blog\/wp-json\/wp\/v2\/comments?post=102"}],"version-history":[{"count":2,"href":"https:\/\/uniplenaeducacional.com.br\/blog\/wp-json\/wp\/v2\/posts\/102\/revisions"}],"predecessor-version":[{"id":108,"href":"https:\/\/uniplenaeducacional.com.br\/blog\/wp-json\/wp\/v2\/posts\/102\/revisions\/108"}],"wp:attachment":[{"href":"https:\/\/uniplenaeducacional.com.br\/blog\/wp-json\/wp\/v2\/media?parent=102"}],"wp:term":[{"taxonomy":"category","embeddable":true,"href":"https:\/\/uniplenaeducacional.com.br\/blog\/wp-json\/wp\/v2\/categories?post=102"},{"taxonomy":"post_tag","embeddable":true,"href":"https:\/\/uniplenaeducacional.com.br\/blog\/wp-json\/wp\/v2\/tags?post=102"}],"curies":[{"name":"wp","href":"https:\/\/api.w.org\/{rel}","templated":true}]}}